{"id":25022,"date":"2025-07-01T14:52:25","date_gmt":"2025-07-01T12:52:25","guid":{"rendered":"https:\/\/www.palibex.com\/?p=25022"},"modified":"2026-02-11T14:07:16","modified_gmt":"2026-02-11T13:07:16","slug":"truck-art-project-photoespana-luciana-demichelis-jesus-madrinan","status":"publish","type":"post","link":"https:\/\/www.palibex.com\/en\/news\/truck-art-project-photoespana-luciana-demichelis-jesus-madrinan\/","title":{"rendered":"Two Trucks Intervened by Photographers Jes\u00fas Madri\u00f1\u00e1n and Luciana Demichelis"},"content":{"rendered":"<p>Palibex is once again collaborating with the PHotoESPA\u00d1A festival through the <a href=\"https:\/\/truck-art-project.com\/\" target=\"_blank\" rel=\"noopener\">Truck Art Project<\/a>, its mobile art collection. This year, the works of Luciana Demichelis and Jes\u00fas Madri\u00f1\u00e1n will be displayed on two trucks operating in Madrid and Barcelona, continuing this unique initiative that transforms freight vehicles into mobile canvases for art and photography.<\/p>\n<p><img loading=\"lazy\" decoding=\"async\" class=\"aligncenter size-full wp-image-25043\" src=\"https:\/\/www.palibex.com\/wp-content\/uploads\/2025\/07\/truck-art-project-photoespana-luciana-demichelis-jesus-madrinan-palibex-05-1.jpg\" alt=\"\" width=\"900\" height=\"600\" srcset=\"https:\/\/www.palibex.com\/wp-content\/uploads\/2025\/07\/truck-art-project-photoespana-luciana-demichelis-jesus-madrinan-palibex-05-1.jpg 900w, https:\/\/www.palibex.com\/wp-content\/uploads\/2025\/07\/truck-art-project-photoespana-luciana-demichelis-jesus-madrinan-palibex-05-1-300x200.jpg 300w, https:\/\/www.palibex.com\/wp-content\/uploads\/2025\/07\/truck-art-project-photoespana-luciana-demichelis-jesus-madrinan-palibex-05-1-768x512.jpg 768w\" sizes=\"auto, (max-width: 900px) 100vw, 900px\" \/><\/p>\n<p>Palibex hosted a presentation event for these two new gallery-trucks, attended by both artists, PHotoESPA\u00d1A director Mar\u00eda Santoyo, and Palibex CEO <a href=\"https:\/\/www.jaimecolsa.com\/\" target=\"_blank\" rel=\"noopener\">Jaime Colsa<\/a>. Colsa highlighted the continuity of this nearly decade-old project and its wide reach, made possible through collaboration with franchisees in the express freight network, allowing these artworks to travel across almost every region of the country.<\/p>\n<p><img loading=\"lazy\" decoding=\"async\" class=\"aligncenter size-full wp-image-25039\" src=\"https:\/\/www.palibex.com\/wp-content\/uploads\/2025\/07\/truck-art-project-photoespana-luciana-demichelis-jesus-madrinan-palibex-03-1.jpg\" alt=\"\" width=\"900\" height=\"600\" srcset=\"https:\/\/www.palibex.com\/wp-content\/uploads\/2025\/07\/truck-art-project-photoespana-luciana-demichelis-jesus-madrinan-palibex-03-1.jpg 900w, https:\/\/www.palibex.com\/wp-content\/uploads\/2025\/07\/truck-art-project-photoespana-luciana-demichelis-jesus-madrinan-palibex-03-1-300x200.jpg 300w, https:\/\/www.palibex.com\/wp-content\/uploads\/2025\/07\/truck-art-project-photoespana-luciana-demichelis-jesus-madrinan-palibex-03-1-768x512.jpg 768w\" sizes=\"auto, (max-width: 900px) 100vw, 900px\" \/><\/p>\n<p>The visual proposals by Argentine artist Luciana Demichelis and Galician analog portrait photographer Jes\u00fas Madri\u00f1\u00e1n explore the emotional and social shifts affecting today\u2019s youth. Their works present a generational portrait shaped by post-pandemic realities, economic crises, and widespread uncertainty.<\/p>\n<p><img loading=\"lazy\" decoding=\"async\" class=\"aligncenter size-full wp-image-25035\" src=\"https:\/\/www.palibex.com\/wp-content\/uploads\/2025\/07\/truck-art-project-photoespana-luciana-demichelis-jesus-madrinan-palibex-01-1.jpg\" alt=\"truck art project-photoespana luciana demichelis-jesus madrinan - palibex - 01\" width=\"900\" height=\"600\" srcset=\"https:\/\/www.palibex.com\/wp-content\/uploads\/2025\/07\/truck-art-project-photoespana-luciana-demichelis-jesus-madrinan-palibex-01-1.jpg 900w, https:\/\/www.palibex.com\/wp-content\/uploads\/2025\/07\/truck-art-project-photoespana-luciana-demichelis-jesus-madrinan-palibex-01-1-300x200.jpg 300w, https:\/\/www.palibex.com\/wp-content\/uploads\/2025\/07\/truck-art-project-photoespana-luciana-demichelis-jesus-madrinan-palibex-01-1-768x512.jpg 768w\" sizes=\"auto, (max-width: 900px) 100vw, 900px\" \/><\/p>\n<p>As <a href=\"https:\/\/phe.es\/\" target=\"_blank\" rel=\"noopener\">PHotoESPA\u00d1A<\/a> director Mar\u00eda Santoyo explained, this theme aligns with the 2025 edition of the festival \u2014 titled \u201cAfter Everything\u201d \u2014 which focuses on photography as a critical and transformative tool to confront major global challenges, from historical memory and climate justice to gender identity and technological impact.<\/p>\n<p><img loading=\"lazy\" decoding=\"async\" class=\"aligncenter size-full wp-image-25041\" src=\"https:\/\/www.palibex.com\/wp-content\/uploads\/2025\/07\/truck-art-project-photoespana-luciana-demichelis-jesus-madrinan-palibex-04-1.jpg\" alt=\"\" width=\"900\" height=\"600\" srcset=\"https:\/\/www.palibex.com\/wp-content\/uploads\/2025\/07\/truck-art-project-photoespana-luciana-demichelis-jesus-madrinan-palibex-04-1.jpg 900w, https:\/\/www.palibex.com\/wp-content\/uploads\/2025\/07\/truck-art-project-photoespana-luciana-demichelis-jesus-madrinan-palibex-04-1-300x200.jpg 300w, https:\/\/www.palibex.com\/wp-content\/uploads\/2025\/07\/truck-art-project-photoespana-luciana-demichelis-jesus-madrinan-palibex-04-1-768x512.jpg 768w\" sizes=\"auto, (max-width: 900px) 100vw, 900px\" \/><\/p>\n<p>Within this framework, Truck Art Project renews its commitment to take art beyond conventional spaces, surprising audiences in unexpected places like the open road.<\/p>\n<p><img loading=\"lazy\" decoding=\"async\" class=\"aligncenter size-full wp-image-25037\" src=\"https:\/\/www.palibex.com\/wp-content\/uploads\/2025\/07\/truck-art-project-photoespana-luciana-demichelis-jesus-madrinan-palibex-02-1.jpg\" alt=\"truck art project-photoespana luciana demichelis-jesus madrinan - palibex - 01\" width=\"900\" height=\"600\" srcset=\"https:\/\/www.palibex.com\/wp-content\/uploads\/2025\/07\/truck-art-project-photoespana-luciana-demichelis-jesus-madrinan-palibex-02-1.jpg 900w, https:\/\/www.palibex.com\/wp-content\/uploads\/2025\/07\/truck-art-project-photoespana-luciana-demichelis-jesus-madrinan-palibex-02-1-300x200.jpg 300w, https:\/\/www.palibex.com\/wp-content\/uploads\/2025\/07\/truck-art-project-photoespana-luciana-demichelis-jesus-madrinan-palibex-02-1-768x512.jpg 768w\" sizes=\"auto, (max-width: 900px) 100vw, 900px\" \/><\/p>\n<p>With these new truck interventions, Truck Art Project has now reached nearly forty vehicles \u2014 six of them added in this latest collaboration with <a href=\"https:\/\/www.palibex.com\/en\/news\/photoespana-truck-art-project-collaboration-tanit-plana-bubi-canal-manuela-lorente-ana-palacios\/\">PHotoESPA\u00d1A<\/a>. Last year\u2019s featured artists included Bubi Canal, Manuela Lorente, Ana Palacios, and Tanit Plana, whose works now travel aboard Palibex trucks through Cantabria, Madrid, Valladolid, and Zaragoza.<\/p>\n","protected":false},"excerpt":{"rendered":"<p>Truck Art Project grows with two new works portraying contemporary youth as part of PHotoESPA\u00d1A<\/p>\n","protected":false},"author":1,"featured_media":25045,"comment_status":"closed","ping_status":"closed","sticky":true,"template":"","format":"standard","meta":{"_acf_changed":false,"footnotes":""},"categories":[12691],"tags":[],"class_list":["post-25022","post","type-post","status-publish","format-standard","has-post-thumbnail","hentry","category-news"],"acf":[],"yoast_head":"<!-- This site is optimized with the Yoast SEO plugin v27.5 - https:\/\/yoast.com\/product\/yoast-seo-wordpress\/ -->\n<title>PHotoESPANA: Luciana Demichelis Joins Truck Art Project<\/title>\n<meta name=\"description\" content=\"Luciana Demichelis presents her work for PHotoESPA\u00d1A on a Palibex truck, as part of the Truck Art Project bringing art to the road\" \/>\n<meta name=\"robots\" content=\"index, follow, max-snippet:-1, max-image-preview:large, max-video-preview:-1\" \/>\n<link rel=\"canonical\" href=\"https:\/\/www.palibex.com\/en\/news\/truck-art-project-photoespana-luciana-demichelis-jesus-madrinan\/\" \/>\n<meta property=\"og:locale\" content=\"en_US\" \/>\n<meta property=\"og:type\" content=\"article\" \/>\n<meta property=\"og:title\" content=\"PHotoESPANA: Luciana Demichelis Joins Truck Art Project\" \/>\n<meta property=\"og:description\" content=\"Luciana Demichelis presents her work for PHotoESPA\u00d1A on a Palibex truck, as part of the Truck Art Project bringing art to the road\" \/>\n<meta property=\"og:url\" content=\"https:\/\/www.palibex.com\/en\/news\/truck-art-project-photoespana-luciana-demichelis-jesus-madrinan\/\" \/>\n<meta property=\"og:site_name\" content=\"Palibex\" \/>\n<meta property=\"article:publisher\" content=\"https:\/\/www.facebook.com\/Palibex\" \/>\n<meta property=\"article:published_time\" content=\"2025-07-01T12:52:25+00:00\" \/>\n<meta property=\"article:modified_time\" content=\"2026-02-11T13:07:16+00:00\" \/>\n<meta property=\"og:image\" content=\"https:\/\/www.palibex.com\/wp-content\/uploads\/2025\/07\/truck-art-project-photoespana-luciana-demichelis-jesus-madrinan-palibex-06-1.jpg\" \/>\n\t<meta property=\"og:image:width\" content=\"1300\" \/>\n\t<meta property=\"og:image:height\" content=\"485\" \/>\n\t<meta property=\"og:image:type\" content=\"image\/jpeg\" \/>\n<meta name=\"author\" content=\"palibex\" \/>\n<meta name=\"twitter:card\" content=\"summary_large_image\" \/>\n<meta name=\"twitter:creator\" content=\"@Palibex\" \/>\n<meta name=\"twitter:site\" content=\"@Palibex\" \/>\n<meta name=\"twitter:label1\" content=\"Written by\" \/>\n\t<meta name=\"twitter:data1\" content=\"palibex\" \/>\n\t<meta name=\"twitter:label2\" content=\"Est. reading time\" \/>\n\t<meta name=\"twitter:data2\" content=\"3 minutes\" \/>\n<script type=\"application\/ld+json\" class=\"yoast-schema-graph\">{\"@context\":\"https:\\\/\\\/schema.org\",\"@graph\":[{\"@type\":\"Article\",\"@id\":\"https:\\\/\\\/www.palibex.com\\\/en\\\/news\\\/truck-art-project-photoespana-luciana-demichelis-jesus-madrinan\\\/#article\",\"isPartOf\":{\"@id\":\"https:\\\/\\\/www.palibex.com\\\/en\\\/news\\\/truck-art-project-photoespana-luciana-demichelis-jesus-madrinan\\\/\"},\"author\":{\"name\":\"palibex\",\"@id\":\"https:\\\/\\\/www.palibex.com\\\/#\\\/schema\\\/person\\\/d7b7c121f7ea5df7ae503b0726d85972\"},\"headline\":\"Two Trucks Intervened by Photographers Jes\u00fas Madri\u00f1\u00e1n and Luciana Demichelis\",\"datePublished\":\"2025-07-01T12:52:25+00:00\",\"dateModified\":\"2026-02-11T13:07:16+00:00\",\"mainEntityOfPage\":{\"@id\":\"https:\\\/\\\/www.palibex.com\\\/en\\\/news\\\/truck-art-project-photoespana-luciana-demichelis-jesus-madrinan\\\/\"},\"wordCount\":296,\"image\":{\"@id\":\"https:\\\/\\\/www.palibex.com\\\/en\\\/news\\\/truck-art-project-photoespana-luciana-demichelis-jesus-madrinan\\\/#primaryimage\"},\"thumbnailUrl\":\"https:\\\/\\\/www.palibex.com\\\/wp-content\\\/uploads\\\/2025\\\/07\\\/truck-art-project-photoespana-luciana-demichelis-jesus-madrinan-palibex-06-1.jpg\",\"articleSection\":[\"News\"],\"inLanguage\":\"en-US\"},{\"@type\":\"WebPage\",\"@id\":\"https:\\\/\\\/www.palibex.com\\\/en\\\/news\\\/truck-art-project-photoespana-luciana-demichelis-jesus-madrinan\\\/\",\"url\":\"https:\\\/\\\/www.palibex.com\\\/en\\\/news\\\/truck-art-project-photoespana-luciana-demichelis-jesus-madrinan\\\/\",\"name\":\"PHotoESPANA: Luciana Demichelis Joins Truck Art Project\",\"isPartOf\":{\"@id\":\"https:\\\/\\\/www.palibex.com\\\/#website\"},\"primaryImageOfPage\":{\"@id\":\"https:\\\/\\\/www.palibex.com\\\/en\\\/news\\\/truck-art-project-photoespana-luciana-demichelis-jesus-madrinan\\\/#primaryimage\"},\"image\":{\"@id\":\"https:\\\/\\\/www.palibex.com\\\/en\\\/news\\\/truck-art-project-photoespana-luciana-demichelis-jesus-madrinan\\\/#primaryimage\"},\"thumbnailUrl\":\"https:\\\/\\\/www.palibex.com\\\/wp-content\\\/uploads\\\/2025\\\/07\\\/truck-art-project-photoespana-luciana-demichelis-jesus-madrinan-palibex-06-1.jpg\",\"datePublished\":\"2025-07-01T12:52:25+00:00\",\"dateModified\":\"2026-02-11T13:07:16+00:00\",\"author\":{\"@id\":\"https:\\\/\\\/www.palibex.com\\\/#\\\/schema\\\/person\\\/d7b7c121f7ea5df7ae503b0726d85972\"},\"description\":\"Luciana Demichelis presents her work for PHotoESPA\u00d1A on a Palibex truck, as part of the Truck Art Project bringing art to the road\",\"breadcrumb\":{\"@id\":\"https:\\\/\\\/www.palibex.com\\\/en\\\/news\\\/truck-art-project-photoespana-luciana-demichelis-jesus-madrinan\\\/#breadcrumb\"},\"inLanguage\":\"en-US\",\"potentialAction\":[{\"@type\":\"ReadAction\",\"target\":[\"https:\\\/\\\/www.palibex.com\\\/en\\\/news\\\/truck-art-project-photoespana-luciana-demichelis-jesus-madrinan\\\/\"]}]},{\"@type\":\"ImageObject\",\"inLanguage\":\"en-US\",\"@id\":\"https:\\\/\\\/www.palibex.com\\\/en\\\/news\\\/truck-art-project-photoespana-luciana-demichelis-jesus-madrinan\\\/#primaryimage\",\"url\":\"https:\\\/\\\/www.palibex.com\\\/wp-content\\\/uploads\\\/2025\\\/07\\\/truck-art-project-photoespana-luciana-demichelis-jesus-madrinan-palibex-06-1.jpg\",\"contentUrl\":\"https:\\\/\\\/www.palibex.com\\\/wp-content\\\/uploads\\\/2025\\\/07\\\/truck-art-project-photoespana-luciana-demichelis-jesus-madrinan-palibex-06-1.jpg\",\"width\":1300,\"height\":485,\"caption\":\"truck art project-photoespana luciana demichelis-jesus madrinan - palibex - 01\"},{\"@type\":\"BreadcrumbList\",\"@id\":\"https:\\\/\\\/www.palibex.com\\\/en\\\/news\\\/truck-art-project-photoespana-luciana-demichelis-jesus-madrinan\\\/#breadcrumb\",\"itemListElement\":[{\"@type\":\"ListItem\",\"position\":1,\"name\":\"Portada\",\"item\":\"https:\\\/\\\/www.palibex.com\\\/en\\\/\"},{\"@type\":\"ListItem\",\"position\":2,\"name\":\"Two Trucks Intervened by Photographers Jes\u00fas Madri\u00f1\u00e1n and Luciana Demichelis\"}]},{\"@type\":\"WebSite\",\"@id\":\"https:\\\/\\\/www.palibex.com\\\/#website\",\"url\":\"https:\\\/\\\/www.palibex.com\\\/\",\"name\":\"Palibex\",\"description\":\"EXPRESS TRANSPORT OF PALLETISED GOODS\",\"potentialAction\":[{\"@type\":\"SearchAction\",\"target\":{\"@type\":\"EntryPoint\",\"urlTemplate\":\"https:\\\/\\\/www.palibex.com\\\/?s={search_term_string}\"},\"query-input\":{\"@type\":\"PropertyValueSpecification\",\"valueRequired\":true,\"valueName\":\"search_term_string\"}}],\"inLanguage\":\"en-US\"},{\"@type\":\"Person\",\"@id\":\"https:\\\/\\\/www.palibex.com\\\/#\\\/schema\\\/person\\\/d7b7c121f7ea5df7ae503b0726d85972\",\"name\":\"palibex\",\"image\":{\"@type\":\"ImageObject\",\"inLanguage\":\"en-US\",\"@id\":\"https:\\\/\\\/secure.gravatar.com\\\/avatar\\\/51dce49d92b5d870655f885c434c515f2c74adfb266f4c1a4c5df05404cfbd42?s=96&d=mm&r=g\",\"url\":\"https:\\\/\\\/secure.gravatar.com\\\/avatar\\\/51dce49d92b5d870655f885c434c515f2c74adfb266f4c1a4c5df05404cfbd42?s=96&d=mm&r=g\",\"contentUrl\":\"https:\\\/\\\/secure.gravatar.com\\\/avatar\\\/51dce49d92b5d870655f885c434c515f2c74adfb266f4c1a4c5df05404cfbd42?s=96&d=mm&r=g\",\"caption\":\"palibex\"}}]}<\/script>\n<!-- \/ Yoast SEO plugin. -->","yoast_head_json":{"title":"PHotoESPANA: Luciana Demichelis Joins Truck Art Project","description":"Luciana Demichelis presents her work for PHotoESPA\u00d1A on a Palibex truck, as part of the Truck Art Project bringing art to the road","robots":{"index":"index","follow":"follow","max-snippet":"max-snippet:-1","max-image-preview":"max-image-preview:large","max-video-preview":"max-video-preview:-1"},"canonical":"https:\/\/www.palibex.com\/en\/news\/truck-art-project-photoespana-luciana-demichelis-jesus-madrinan\/","og_locale":"en_US","og_type":"article","og_title":"PHotoESPANA: Luciana Demichelis Joins Truck Art Project","og_description":"Luciana Demichelis presents her work for PHotoESPA\u00d1A on a Palibex truck, as part of the Truck Art Project bringing art to the road","og_url":"https:\/\/www.palibex.com\/en\/news\/truck-art-project-photoespana-luciana-demichelis-jesus-madrinan\/","og_site_name":"Palibex","article_publisher":"https:\/\/www.facebook.com\/Palibex","article_published_time":"2025-07-01T12:52:25+00:00","article_modified_time":"2026-02-11T13:07:16+00:00","og_image":[{"width":1300,"height":485,"url":"https:\/\/www.palibex.com\/wp-content\/uploads\/2025\/07\/truck-art-project-photoespana-luciana-demichelis-jesus-madrinan-palibex-06-1.jpg","type":"image\/jpeg"}],"author":"palibex","twitter_card":"summary_large_image","twitter_creator":"@Palibex","twitter_site":"@Palibex","twitter_misc":{"Written by":"palibex","Est. reading time":"3 minutes"},"schema":{"@context":"https:\/\/schema.org","@graph":[{"@type":"Article","@id":"https:\/\/www.palibex.com\/en\/news\/truck-art-project-photoespana-luciana-demichelis-jesus-madrinan\/#article","isPartOf":{"@id":"https:\/\/www.palibex.com\/en\/news\/truck-art-project-photoespana-luciana-demichelis-jesus-madrinan\/"},"author":{"name":"palibex","@id":"https:\/\/www.palibex.com\/#\/schema\/person\/d7b7c121f7ea5df7ae503b0726d85972"},"headline":"Two Trucks Intervened by Photographers Jes\u00fas Madri\u00f1\u00e1n and Luciana Demichelis","datePublished":"2025-07-01T12:52:25+00:00","dateModified":"2026-02-11T13:07:16+00:00","mainEntityOfPage":{"@id":"https:\/\/www.palibex.com\/en\/news\/truck-art-project-photoespana-luciana-demichelis-jesus-madrinan\/"},"wordCount":296,"image":{"@id":"https:\/\/www.palibex.com\/en\/news\/truck-art-project-photoespana-luciana-demichelis-jesus-madrinan\/#primaryimage"},"thumbnailUrl":"https:\/\/www.palibex.com\/wp-content\/uploads\/2025\/07\/truck-art-project-photoespana-luciana-demichelis-jesus-madrinan-palibex-06-1.jpg","articleSection":["News"],"inLanguage":"en-US"},{"@type":"WebPage","@id":"https:\/\/www.palibex.com\/en\/news\/truck-art-project-photoespana-luciana-demichelis-jesus-madrinan\/","url":"https:\/\/www.palibex.com\/en\/news\/truck-art-project-photoespana-luciana-demichelis-jesus-madrinan\/","name":"PHotoESPANA: Luciana Demichelis Joins Truck Art Project","isPartOf":{"@id":"https:\/\/www.palibex.com\/#website"},"primaryImageOfPage":{"@id":"https:\/\/www.palibex.com\/en\/news\/truck-art-project-photoespana-luciana-demichelis-jesus-madrinan\/#primaryimage"},"image":{"@id":"https:\/\/www.palibex.com\/en\/news\/truck-art-project-photoespana-luciana-demichelis-jesus-madrinan\/#primaryimage"},"thumbnailUrl":"https:\/\/www.palibex.com\/wp-content\/uploads\/2025\/07\/truck-art-project-photoespana-luciana-demichelis-jesus-madrinan-palibex-06-1.jpg","datePublished":"2025-07-01T12:52:25+00:00","dateModified":"2026-02-11T13:07:16+00:00","author":{"@id":"https:\/\/www.palibex.com\/#\/schema\/person\/d7b7c121f7ea5df7ae503b0726d85972"},"description":"Luciana Demichelis presents her work for PHotoESPA\u00d1A on a Palibex truck, as part of the Truck Art Project bringing art to the road","breadcrumb":{"@id":"https:\/\/www.palibex.com\/en\/news\/truck-art-project-photoespana-luciana-demichelis-jesus-madrinan\/#breadcrumb"},"inLanguage":"en-US","potentialAction":[{"@type":"ReadAction","target":["https:\/\/www.palibex.com\/en\/news\/truck-art-project-photoespana-luciana-demichelis-jesus-madrinan\/"]}]},{"@type":"ImageObject","inLanguage":"en-US","@id":"https:\/\/www.palibex.com\/en\/news\/truck-art-project-photoespana-luciana-demichelis-jesus-madrinan\/#primaryimage","url":"https:\/\/www.palibex.com\/wp-content\/uploads\/2025\/07\/truck-art-project-photoespana-luciana-demichelis-jesus-madrinan-palibex-06-1.jpg","contentUrl":"https:\/\/www.palibex.com\/wp-content\/uploads\/2025\/07\/truck-art-project-photoespana-luciana-demichelis-jesus-madrinan-palibex-06-1.jpg","width":1300,"height":485,"caption":"truck art project-photoespana luciana demichelis-jesus madrinan - palibex - 01"},{"@type":"BreadcrumbList","@id":"https:\/\/www.palibex.com\/en\/news\/truck-art-project-photoespana-luciana-demichelis-jesus-madrinan\/#breadcrumb","itemListElement":[{"@type":"ListItem","position":1,"name":"Portada","item":"https:\/\/www.palibex.com\/en\/"},{"@type":"ListItem","position":2,"name":"Two Trucks Intervened by Photographers Jes\u00fas Madri\u00f1\u00e1n and Luciana Demichelis"}]},{"@type":"WebSite","@id":"https:\/\/www.palibex.com\/#website","url":"https:\/\/www.palibex.com\/","name":"Palibex","description":"EXPRESS TRANSPORT OF PALLETISED GOODS","potentialAction":[{"@type":"SearchAction","target":{"@type":"EntryPoint","urlTemplate":"https:\/\/www.palibex.com\/?s={search_term_string}"},"query-input":{"@type":"PropertyValueSpecification","valueRequired":true,"valueName":"search_term_string"}}],"inLanguage":"en-US"},{"@type":"Person","@id":"https:\/\/www.palibex.com\/#\/schema\/person\/d7b7c121f7ea5df7ae503b0726d85972","name":"palibex","image":{"@type":"ImageObject","inLanguage":"en-US","@id":"https:\/\/secure.gravatar.com\/avatar\/51dce49d92b5d870655f885c434c515f2c74adfb266f4c1a4c5df05404cfbd42?s=96&d=mm&r=g","url":"https:\/\/secure.gravatar.com\/avatar\/51dce49d92b5d870655f885c434c515f2c74adfb266f4c1a4c5df05404cfbd42?s=96&d=mm&r=g","contentUrl":"https:\/\/secure.gravatar.com\/avatar\/51dce49d92b5d870655f885c434c515f2c74adfb266f4c1a4c5df05404cfbd42?s=96&d=mm&r=g","caption":"palibex"}}]}},"amp_enabled":true,"_links":{"self":[{"href":"https:\/\/www.palibex.com\/en\/wp-json\/wp\/v2\/posts\/25022","targetHints":{"allow":["GET"]}}],"collection":[{"href":"https:\/\/www.palibex.com\/en\/wp-json\/wp\/v2\/posts"}],"about":[{"href":"https:\/\/www.palibex.com\/en\/wp-json\/wp\/v2\/types\/post"}],"author":[{"embeddable":true,"href":"https:\/\/www.palibex.com\/en\/wp-json\/wp\/v2\/users\/1"}],"replies":[{"embeddable":true,"href":"https:\/\/www.palibex.com\/en\/wp-json\/wp\/v2\/comments?post=25022"}],"version-history":[{"count":1,"href":"https:\/\/www.palibex.com\/en\/wp-json\/wp\/v2\/posts\/25022\/revisions"}],"predecessor-version":[{"id":25047,"href":"https:\/\/www.palibex.com\/en\/wp-json\/wp\/v2\/posts\/25022\/revisions\/25047"}],"wp:featuredmedia":[{"embeddable":true,"href":"https:\/\/www.palibex.com\/en\/wp-json\/wp\/v2\/media\/25045"}],"wp:attachment":[{"href":"https:\/\/www.palibex.com\/en\/wp-json\/wp\/v2\/media?parent=25022"}],"wp:term":[{"taxonomy":"category","embeddable":true,"href":"https:\/\/www.palibex.com\/en\/wp-json\/wp\/v2\/categories?post=25022"},{"taxonomy":"post_tag","embeddable":true,"href":"https:\/\/www.palibex.com\/en\/wp-json\/wp\/v2\/tags?post=25022"}],"curies":[{"name":"wp","href":"https:\/\/api.w.org\/{rel}","templated":true}]}}